{"id":9828,"date":"2026-04-22T08:27:37","date_gmt":"2026-04-22T06:27:37","guid":{"rendered":"https:\/\/mascalvet.com\/?p=9828"},"modified":"2026-04-28T00:35:12","modified_gmt":"2026-04-27T22:35:12","slug":"gestion-del-patrimonio-inmobiliario-para-fundaciones-sentencia-clave-del-tsj-de-cataluna-en-2026","status":"publish","type":"post","link":"https:\/\/mascalvet.com\/en\/gestion-del-patrimonio-inmobiliario-para-fundaciones-sentencia-clave-del-tsj-de-cataluna-en-2026\/","title":{"rendered":"Gesti\u00f3n del patrimonio inmobiliario para Fundaciones: sentencia clave del TSJ de Catalu\u00f1a en 2026"},"content":{"rendered":"\n<div style=\"height:20px\" aria-hidden=\"true\" class=\"wp-block-spacer\"><\/div>\n\n\n\n<hr class=\"wp-block-separator has-text-color has-alpha-channel-opacity has-background is-style-wide\" style=\"background-color:#8d2231;color:#8d2231\"\/>\n\n\n\n<p class=\"has-background\" style=\"background-color:#eeeeee\">La reciente sentencia del Tribunal Superior de Justicia de Catalu\u00f1a, dictada el 2 de enero de 2026, marca un precedente relevante en la fiscalidad de las fundaciones que gestionan patrimonio inmobiliario. El fallo confirma la exenci\u00f3n del IBI para inmuebles arrendados por entidades sin fines lucrativos, incluso cuando los arrendatarios son sociedades vinculadas, siempre que los rendimientos se destinen a fines sociales y se cumplan los requisitos de la <a href=\"https:\/\/www.boe.es\/buscar\/act.php?id=BOE-A-2002-25039\" target=\"_blank\" rel=\"noopener\" title=\"\">Ley 49\/2002<\/a>.<\/p>\n\n\n\n<hr class=\"wp-block-separator has-text-color has-alpha-channel-opacity has-background\" style=\"background-color:#8d2231;color:#8d2231\"\/>\n\n\n\n<div style=\"height:20px\" aria-hidden=\"true\" class=\"wp-block-spacer\"><\/div>\n\n\n\n<p><em><em>El pasado 2 de enero de 2026, la Sala de lo Contencioso-Administrativo del Tribunal Superior de Justicia de Catalu\u00f1a dict\u00f3 sentencia en un asunto que afecta directamente a la fiscalidad de las fundaciones que gestionan patrimonio inmobiliario.<\/em><\/em> <\/p>\n\n\n\n<p>El supuesto de hecho es el siguiente: una fundaci\u00f3n arrienda dos inmuebles en Barcelona a dos empresas, de las que es propietaria, y destina los rendimientos a financiar un programa de atenci\u00f3n a familias en situaci\u00f3n de pobreza o riesgo de exclusi\u00f3n social. El Ayuntamiento de Barcelona pretend\u00eda denegar la exenci\u00f3n del IBI, sosteniendo, con diversos argumentos, que esta actividad constitu\u00eda una explotaci\u00f3n econ\u00f3mica no exenta del Impuesto sobre Sociedades. En consecuencia, los inmuebles afectos a ella no pod\u00edan beneficiarse del r\u00e9gimen previsto en el art\u00edculo 15.1 de la Ley 49\/2002 que dispone que estar\u00e1n exentos del Impuesto sobre Bienes Inmuebles los bienes de los que sean titulares, en los t\u00e9rminos previstos en la normativa reguladora de las Haciendas Locales, las entidades sin fines lucrativos, excepto los afectos a explotaciones econ\u00f3micas no exentas del Impuesto sobre Sociedades.<\/p>\n\n\n\n<div class=\"wp-block-media-text alignwide has-media-on-the-right is-stacked-on-mobile is-vertically-aligned-center\" style=\"grid-template-columns:auto 44%\"><div class=\"wp-block-media-text__content\">\n<p class=\"has-medium-font-size\"><br><strong>Vicente Trelles Villanueva<\/strong><\/p>\n\n\n\n<p>Vicente Trelles se ha incorporado en el <a href=\"https:\/\/mascalvet.com\/areas-de-practica\/#social\" target=\"_blank\" rel=\"noopener\" title=\"\">\u00c1rea de Econom\u00eda social y entidades sin \u00e1nimo de lucro <\/a>en el Bufete Mas y Calvet en enero de 2024<\/p>\n\n\n\n<p>Se dedic\u00f3 a la docencia, al asesoramiento familiar y fue director de programas en asociaciones juveniles y universitarias, y ONGs.<\/p>\n\n\n\n<p>Ha coordinado proyectos de voluntariado en Marruecos, Croacia y Espa\u00f1a.<\/p>\n\n\n\n<p>Hizo el M\u00e1ster de RRHH en el <a href=\"https:\/\/www.centrogarrigues.com\/\" target=\"_blank\" rel=\"noopener\" title=\"\">Centro de Estudios Garrigues<\/a> y trabaj\u00f3 unos a\u00f1os en la Fundaci\u00f3n Arenales, uno de los proyectos educativos m\u00e1s prometedores de Espa\u00f1a.<\/p>\n<\/div><figure class=\"wp-block-media-text__media\"><img loading=\"lazy\" decoding=\"async\" width=\"639\" height=\"725\" src=\"https:\/\/mascalvet.com\/wp-content\/uploads\/2025\/03\/Vicente-Trelles.png\" alt=\"\" class=\"wp-image-8901 size-full\" srcset=\"https:\/\/mascalvet.com\/wp-content\/uploads\/2025\/03\/Vicente-Trelles.png 639w, https:\/\/mascalvet.com\/wp-content\/uploads\/2025\/03\/Vicente-Trelles-264x300.png 264w, https:\/\/mascalvet.com\/wp-content\/uploads\/2025\/03\/Vicente-Trelles-66x75.png 66w, https:\/\/mascalvet.com\/wp-content\/uploads\/2025\/03\/Vicente-Trelles-480x545.png 480w\" sizes=\"auto, (max-width:767px) 480px, 639px\" \/><\/figure><\/div>\n\n\n\n<p>El Tribunal, interpretando sistem\u00e1ticamente la Ley 49\/2002, <em>de r\u00e9gimen fiscal de las entidades sin fines lucrativos y de los incentivos fiscales al mecenazgo<\/em>, desestima el recurso de apelaci\u00f3n del Ayuntamiento y confirma la exenci\u00f3n, con base en los siguientes fundamentos:<\/p>\n\n\n\n<p><strong>Primero.<\/strong> El arrendamiento del patrimonio inmobiliario por una entidad sin fines lucrativos no constituye explotaci\u00f3n econ\u00f3mica a efectos del <a href=\"https:\/\/www.boe.es\/buscar\/act.php?id=BOE-A-2002-25039\" target=\"_blank\" rel=\"noopener\" title=\"\">art 3.3 de la Ley 49\/2002<\/a>, y las rentas derivadas del mismo est\u00e1n exentas del Impuesto sobre Sociedades (art. 6.2 de la misma Ley).<\/p>\n\n\n\n<p>Por lo tanto, los inmuebles que generan dichas rentas tienen derecho a la exenci\u00f3n del IBI contemplada en el art\u00edculo 15.1 de la Ley 49\/2002, con independencia de la actividad que desarrollen en ellos los arrendatarios, en este caso, alquiler tur\u00edstico y un complejo hotelero.<\/p>\n\n\n\n<p><strong>Segundo.<\/strong> La exenci\u00f3n no constituye \u201cayuda de Estado\u201d contraria al art\u00edculo 107.1 del Tratado de Funcionamiento de la Uni\u00f3n Europea como sosten\u00eda el Ayuntamiento. Seg\u00fan la jurisprudencia del TJUE&nbsp;para que una exenci\u00f3n sea considerada una ayuda de Estado, deben cumplirse los siguientes requisitos:<\/p>\n\n\n\n<p>&nbsp;1.- Debe tratarse de una intervenci\u00f3n del Estado.<\/p>\n\n\n\n<p>2.- La intervenci\u00f3n debe poder afectar a los intercambios comerciales.<\/p>\n\n\n\n<p>3.- La media debe conferir una ventaja selectiva a su beneficiario. Es decir, que favorezca a determinadas empresas o producciones que se encuentran en una situaci\u00f3n f\u00e1ctica y jur\u00eddica comparable y que, por lo tanto, reciben un trato diferenciado que pueda calificarse de discriminatorio.<\/p>\n\n\n\n<p>4.- Debe falsear o amenazar con falsear la competencia.<\/p>\n\n\n\n<p>Pues bien, la STS de 4 de abril de 2014 (recurso 653\/2013) estim\u00f3 que no se puede atribuir car\u00e1cter selectivo a la exenci\u00f3n de IBI, porque dentro del r\u00e9gimen jur\u00eddico fiscal peculiar de las entidades sin \u00e1nimo de lucro, a las que la ley espa\u00f1ola ha querido dar una especial protecci\u00f3n con el r\u00e9gimen fiscal contemplado en la Ley 49\/2002, cualquier entidad sin \u00e1nimo de lucro que cumpla los requisitos de esta Ley puede beneficiarse de la exenci\u00f3n.<\/p>\n\n\n\n<p><strong>Tercero.<\/strong> La administraci\u00f3n local carece de potestad para denegar discrecionalmente la exenci\u00f3n. Su competencia se limita a verificar el cumplimiento de los requisitos legales, una vez que la entidad ha comunicado su acogimiento al r\u00e9gimen fiscal especial de la Ley 49\/2002.<\/p>\n\n\n\n<p>La sentencia participa de una l\u00ednea jurisprudencial ya asentada por el Tribunal Supremo -con pronunciamientos de 2014, 2015 y 2023- y ofrece a las fundaciones un respaldo judicial claro frente a eventuales pretensiones recaudatorias de las haciendas locales.<\/p>\n\n\n\n<p>Para los gestores y patronos de fundaciones que disponen de inmuebles arrendados, los mensajes son n\u00edtidos:<\/p>\n\n\n\n<ul class=\"wp-block-list\">\n<li>El arrendamiento de inmuebles por una entidad sin fines lucrativos no constituye explotaci\u00f3n econ\u00f3mica a efectos de la Ley 49\/2002, y sus rentas est\u00e1n exentas del Impuesto sobre Sociedades, con independencia de la actividad que desarrollen los arrendatarios en ellos.<\/li>\n\n\n\n<li>La correcta acogida al r\u00e9gimen fiscal de la Ley 49\/2002 y la comunicaci\u00f3n formal a la administraci\u00f3n tributaria local son condici\u00f3n suficiente para el reconocimiento de la exenci\u00f3n del IBI.<\/li>\n\n\n\n<li>Esta exenci\u00f3n no es contraria al Derecho de la UE<\/li>\n<\/ul>\n\n\n\n<p>M\u00e1s all\u00e1 del caso concreto esta resoluci\u00f3n refuerza una idea clave: el r\u00e9gimen fiscal de las entidades sin fines lucrativos no puede interpretarse de forma restrictiva cuando su actividad est\u00e1 inequ\u00edvocamente orientada al inter\u00e9s general.<\/p>\n\n\n\n<p>El criterio del Tribunal aporta seguridad jur\u00eddica y protege la capacidad operativa de las fundaciones para generar recursos sostenibles que financien su impacto social.<\/p>\n\n\n\n<p>En un contexto donde la colaboraci\u00f3n p\u00fablico-privada y el tercer sector son esenciales para abordar desaf\u00edos sociales complejos, este tipo de pronunciamientos es clave y sustancial.<\/p>\n\n\n\n<p>Una resoluci\u00f3n que merece especial atenci\u00f3n en los patronatos y en los departamentos jur\u00eddicos y fiscales del sector fundacional.<\/p>\n\n\n\n<div style=\"height:20px\" aria-hidden=\"true\" class=\"wp-block-spacer\"><\/div>\n\n\n\n<hr class=\"wp-block-separator has-css-opacity\"\/>\n\n\n<ul class=\"wp-block-latest-posts__list wp-block-latest-posts\"><li><a class=\"wp-block-latest-posts__post-title\" href=\"https:\/\/mascalvet.com\/en\/arbitraje-orden-publico-y-recurso-de-amparo-la-actualidad-de-la-stc-146-2024\/\">Arbitraje, orden p\u00fablico y recurso de amparo: la actualidad de la STC 146\/2024<\/a><\/li>\n<li><a class=\"wp-block-latest-posts__post-title\" href=\"https:\/\/mascalvet.com\/en\/motivacion-del-laudo-arbitral-estandar-negocial-control-externo-y-limites-del-orden-publico\/\">Motivaci\u00f3n del laudo arbitral: est\u00e1ndar negocial, control externo y l\u00edmites del orden p\u00fablico<\/a><\/li>\n<li><a class=\"wp-block-latest-posts__post-title\" href=\"https:\/\/mascalvet.com\/en\/el-caso-lafarge-responsabilidad-penal-corporativa-por-financiacion-del-terrorismo-y-complicidad-en-crimenes-contra-la-humanidad\/\">El caso Lafarge: responsabilidad penal corporativa por financiaci\u00f3n del terrorismo y complicidad en cr\u00edmenes contra la humanidad<\/a><\/li>\n<li><a class=\"wp-block-latest-posts__post-title\" href=\"https:\/\/mascalvet.com\/en\/el-reglamento-europeo-del-espacio-eu-space-act\/\">El reglamento europeo del espacio (EU space act)<\/a><\/li>\n<li><a class=\"wp-block-latest-posts__post-title\" href=\"https:\/\/mascalvet.com\/en\/prejudicialidad-penal-en-el-arbitraje-prudencia-y-soluciones-practicas\/\">Prejudicialidad penal en el arbitraje: prudencia y soluciones pr\u00e1cticas<\/a><\/li>\n<\/ul>\n\n\n<hr class=\"wp-block-separator has-css-opacity\"\/>\n\n\n\n<div style=\"height:20px\" aria-hidden=\"true\" class=\"wp-block-spacer\"><\/div>\n\n\n\n<p><em>El <strong><a href=\"https:\/\/mascalvet.com\/\" target=\"_blank\" rel=\"noopener\" title=\"\">Bufete Mas y Calvet<\/a><\/strong> ofrece asesoramiento legal integral, adaptado como un traje a medida, a los intereses de cada cliente para ofrecer soluciones legales innovadoras y eficaces, a trav\u00e9s de un an\u00e1lisis multidisciplinar de todas las cuestiones jur\u00eddicas.<\/em><\/p>\n","protected":false},"excerpt":{"rendered":"<p>La Sala de lo Contencioso-Administrativo del TSJ de Catalu\u00f1a dict\u00f3 sentencia que afecta a la fiscalidad de las fundaciones que gestionan patrimonio inmobiliario<\/p>\n","protected":false},"author":6,"featured_media":9834,"comment_status":"closed","ping_status":"open","sticky":false,"template":"","format":"standard","meta":{"footnotes":""},"categories":[17],"tags":[],"class_list":["post-9828","post","type-post","status-publish","format-standard","has-post-thumbnail","hentry","category-tercer-sector"],"aioseo_notices":[],"_links":{"self":[{"href":"https:\/\/mascalvet.com\/en\/wp-json\/wp\/v2\/posts\/9828","targetHints":{"allow":["GET"]}}],"collection":[{"href":"https:\/\/mascalvet.com\/en\/wp-json\/wp\/v2\/posts"}],"about":[{"href":"https:\/\/mascalvet.com\/en\/wp-json\/wp\/v2\/types\/post"}],"author":[{"embeddable":true,"href":"https:\/\/mascalvet.com\/en\/wp-json\/wp\/v2\/users\/6"}],"replies":[{"embeddable":true,"href":"https:\/\/mascalvet.com\/en\/wp-json\/wp\/v2\/comments?post=9828"}],"version-history":[{"count":4,"href":"https:\/\/mascalvet.com\/en\/wp-json\/wp\/v2\/posts\/9828\/revisions"}],"predecessor-version":[{"id":9846,"href":"https:\/\/mascalvet.com\/en\/wp-json\/wp\/v2\/posts\/9828\/revisions\/9846"}],"wp:featuredmedia":[{"embeddable":true,"href":"https:\/\/mascalvet.com\/en\/wp-json\/wp\/v2\/media\/9834"}],"wp:attachment":[{"href":"https:\/\/mascalvet.com\/en\/wp-json\/wp\/v2\/media?parent=9828"}],"wp:term":[{"taxonomy":"category","embeddable":true,"href":"https:\/\/mascalvet.com\/en\/wp-json\/wp\/v2\/categories?post=9828"},{"taxonomy":"post_tag","embeddable":true,"href":"https:\/\/mascalvet.com\/en\/wp-json\/wp\/v2\/tags?post=9828"}],"curies":[{"name":"wp","href":"https:\/\/api.w.org\/{rel}","templated":true}]}}