{"id":9801,"date":"2026-04-16T08:30:00","date_gmt":"2026-04-16T06:30:00","guid":{"rendered":"https:\/\/mascalvet.com\/?p=9801"},"modified":"2026-04-20T13:04:03","modified_gmt":"2026-04-20T11:04:03","slug":"artemis-ii-y-el-derecho-espacial","status":"publish","type":"post","link":"https:\/\/mascalvet.com\/en\/artemis-ii-y-el-derecho-espacial\/","title":{"rendered":"Artemis II y el Derecho Espacial"},"content":{"rendered":"\n<h2 class=\"wp-block-heading has-text-color has-link-color wp-elements-83ef01daabc2b0d79e00f1bc4dd5d68e\" style=\"color:#8d2231\"><strong>MARCO JUR\u00cdDICO INTERNACIONAL: \u00bfESTAMOS PREPARADOS?<\/strong><\/h2>\n\n\n\n<p>Entrevista por <a href=\"https:\/\/www.linkedin.com\/in\/elena-marcos-bueno\/\" target=\"_blank\" rel=\"noopener\" title=\"\">Elena Marcos<\/a> a <a href=\"https:\/\/es.linkedin.com\/in\/efrendiaz\" target=\"_blank\" rel=\"noopener\" title=\"\">Efr\u00e9n D\u00edaz D\u00edaz<\/a><\/p>\n\n\n\n<div style=\"height:30px\" aria-hidden=\"true\" class=\"wp-block-spacer\"><\/div>\n\n\n\n<hr class=\"wp-block-separator has-text-color has-alpha-channel-opacity has-background\" style=\"background-color:#8d2231;color:#8d2231\"\/>\n\n\n\n<p class=\"has-background\" style=\"background-color:#eeeeee\">La misi\u00f3n Artemis II marca un hito hist\u00f3rico: el regreso de seres humanos a la \u00f3rbita lunar m\u00e1s de medio siglo despu\u00e9s de Apollo 17. Sin embargo, mientras la tecnolog\u00eda avanza a velocidad de v\u00e9rtigo, el derecho internacional necesita una revisi\u00f3n y adaptaci\u00f3n a los nuevos tiempos. En esta entrevista realizada por <a href=\"https:\/\/www.linkedin.com\/in\/elena-marcos-bueno\/\" target=\"_blank\" rel=\"noopener\" title=\"\">Elena Marcos<\/a>, DirCom del <a href=\"https:\/\/mascalvet.com\/\" target=\"_blank\" rel=\"noopener\" title=\"\">Bufete Mas y Calvet<\/a>, <a href=\"https:\/\/es.linkedin.com\/in\/efrendiaz\" target=\"_blank\" rel=\"noopener\" title=\"\">Efr\u00e9n D\u00edaz D\u00edaz<\/a>, Doctor en Derecho y Responsable del <a href=\"https:\/\/mascalvet.com\/areas-de-practica\/#derecho-espacial\" target=\"_blank\" rel=\"noopener\" title=\"\">\u00e1rea espacial<\/a> y de <a href=\"https:\/\/mascalvet.com\/areas-de-practica\/#tecnologia\" target=\"_blank\" rel=\"noopener\" title=\"\">tecnolog\u00eda del Bufete Mas y Calvet<\/a>, nos aclara numerosos conceptos y dudas que pueden surgir en el espacio ultraterrestre.<\/p>\n\n\n\n<hr class=\"wp-block-separator has-text-color has-alpha-channel-opacity has-background\" style=\"background-color:#8d2231;color:#8d2231\"\/>\n\n\n\n<div style=\"height:20px\" aria-hidden=\"true\" class=\"wp-block-spacer\"><\/div>\n\n\n\n<p><strong><em>&nbsp;<\/em><\/strong><strong><em>\u00bfSigue siendo v\u00e1lido el Tratado del Espacio Exterior de 1967?<\/em><\/strong><\/p>\n\n\n\n<p>V\u00e1lido, s\u00ed. <strong>Suficiente, no.<\/strong> El tratado fue redactado cuando ir a la Luna era una proeza, no un negocio. Artemis no viola su letra, pero desborda completamente su esp\u00edritu. Como aplicar el C\u00f3digo de Hammurabi a un contrato de criptomonedas.<\/p>\n\n\n\n<p><strong><em>&nbsp;<\/em><\/strong><strong><em>\u00bfExisten vac\u00edos legales sobre explotaci\u00f3n de recursos lunares?<\/em><\/strong><\/p>\n\n\n\n<p>Inmensos. El tratado proh\u00edbe la soberan\u00eda nacional sobre la Luna, pero <strong>no dice nada sobre extraer y vender lo que hay en ella.<\/strong> Es como prohibir que alguien sea due\u00f1o del oc\u00e9ano, pero no que pesque en \u00e9l.<\/p>\n\n\n\n<p><strong><em>&nbsp;<\/em><\/strong><strong><em>\u00bfLa Luna es realmente &#8220;patrimonio com\u00fan de la humanidad&#8221;?<\/em><\/strong><\/p>\n\n\n\n<p>En teor\u00eda, no. Nadie puede apropiarse de la Luna ni otros cuerpos celestres. En la pr\u00e1ctica, <strong>quien llega primero marca el terreno.<\/strong> El concepto existe en el papel, pero carece de mecanismos reales de aplicaci\u00f3n. Una declaraci\u00f3n sin guardias de seguridad. La clave es entender que no se puede hablar \u201cde patrimonio com\u00fan\u201d sino de \u201cincumbencia\u201d de la humanidad.<\/p>\n\n\n\n<p><strong><em>&nbsp;<\/em><\/strong><strong><em>\u00bfQu\u00e9 diferencia el Tratado de 1967 del Acuerdo de la Luna de 1979?<\/em><\/strong><\/p>\n\n\n\n<p>El Acuerdo de 1979 s\u00ed prohib\u00eda expresamente la explotaci\u00f3n privada de recursos. <strong>Por eso nadie relevante lo firm\u00f3.<\/strong> Estados Unidos, Rusia y China brillan por su ausencia. Es el tratado m\u00e1s ignorado de la historia espacial.<\/p>\n\n\n\n<h2 class=\"wp-block-heading has-text-color has-link-color wp-elements-f47e0547d2f197cb383707143a37c6b5\" style=\"color:#8d2231\"><strong>SOBERAN\u00cdA Y GEOPOL\u00cdTICA LUNAR<\/strong><\/h2>\n\n\n\n<p><strong><em>Si un pa\u00eds instala infraestructuras en el polo sur lunar, \u00bfpuede ejercer control territorial?<\/em><\/strong><\/p>\n\n\n\n<p>Jur\u00eddicamente, no. Pol\u00edticamente, <strong>es otro cantar.<\/strong> Una base con suministros, energ\u00eda y comunicaciones propias crea una zona de influencia real aunque no haya bandera clavada. El control <em>de facto<\/em> existe aunque el derecho lo niegue.<\/p>\n\n\n\n<p><strong><em>&nbsp;<\/em><\/strong><strong><em>\u00bfLos Artemis Accords son una alternativa al derecho espacial cl\u00e1sico?<\/em><\/strong><\/p>\n\n\n\n<p>Son una reinterpretaci\u00f3n interesada, aunque se revistan de otras solemnidades. EE.UU. construy\u00f3 un marco jur\u00eddico propio que legaliza lo que quiere hacer, y luego <strong>invit\u00f3 a otros a sumarse.<\/strong> No es multilateralismo; quiz\u00e1 es multilateralismo a la carta.<\/p>\n\n\n\n<p><strong><em>&nbsp;<\/em><\/strong><strong><em>\u00bfExiste riesgo de &#8220;carrera colonial&#8221; entre potencias?<\/em><\/strong><\/p>\n\n\n\n<p>No es un riesgo. <strong>Ya est\u00e1 ocurriendo.<\/strong> China y Rusia tienen su propio programa lunar conjunto. EE.UU. avanza con Artemis. La diferencia con el colonialismo terrestre es que a\u00fan estamos a tiempo de poner reglas.<\/p>\n\n\n\n<p><strong><em>&nbsp;<\/em><\/strong><strong><em>\u00bfQu\u00e9 papel puede jugar la Agencia Espacial Europea?<\/em><\/strong><\/p>\n\n\n\n<p>La ESA es el actor m\u00e1s capacitado y mejor cualificado para ejercer de <strong>\u00e1rbitro t\u00e9cnico y moral.<\/strong> Tiene credibilidad cient\u00edfica, no tiene agenda expansionista propia y colabora con todas las partes. Si alguien puede mediar, y m\u00e1s en la actualidad, es la Agencia Espacial Europea.<\/p>\n\n\n\n<h2 class=\"wp-block-heading has-text-color has-link-color wp-elements-50ea1340a9372f7bc4d94652ae100c42\" style=\"color:#8d2231\"><strong>RECURSOS LUNARES Y EXPLOTACI\u00d3N ECON\u00d3MICA<\/strong><\/h2>\n\n\n\n<p><strong><em>&nbsp;<\/em><\/strong><strong><em>\u00bfEs legal extraer y comercializar hielo de agua o helio-3?<\/em><\/strong><\/p>\n\n\n\n<p>Conforme a los Tratados, no, por el principio de no apropiaci\u00f3n nacional por reivindicaci\u00f3n de soberan\u00eda, uso o ocupaci\u00f3n, ni de ninguna otra manera. Seg\u00fan la legislaci\u00f3n de EE.UU. desde 2015, <strong>s\u00ed: lo que extraes es tuyo<\/strong>, de los americanos concretamente. Pero esa ley es nacional. No existe consenso internacional. Otros pa\u00edses no est\u00e1n obligados a reconocerla. Es legal en casa, debatible en el mundo.<\/p>\n\n\n\n<p><strong><em>&nbsp;<\/em><\/strong><strong><em>\u00bfQui\u00e9n es propietario de los recursos extra\u00eddos?<\/em><\/strong><\/p>\n\n\n\n<p>Depende de qu\u00e9 bandera ondea en la empresa extractora. <strong>El Estado autoriza, la empresa opera.<\/strong> Pero ni el Estado ni la empresa tienen reconocimiento jur\u00eddico universal. Estamos en tierra \u201cde nadie\u201d, literalmente, en este punto s\u00ed. Los Estados deber\u00edan realizar sus actividades de exploraci\u00f3n y utilizaci\u00f3n del espacio ultraterrestre, incluso la Luna y otros cuerpos celestes, seg\u00fan el derecho internacional, y en inter\u00e9s del mantenimiento de la paz y la seguridad internacionales y del fomento de la cooperaci\u00f3n y la comprensi\u00f3n internacionales.<\/p>\n\n\n\n<p><strong><em>&nbsp;<\/em><\/strong><strong><em>\u00bfQu\u00e9 precedentes del derecho internacional pueden aplicarse?<\/em><\/strong><\/p>\n\n\n\n<p>El derecho mar\u00edtimo ofrece el modelo m\u00e1s \u00fatil: <strong>zonas exclusivas, fondos comunes, licencias de explotaci\u00f3n.<\/strong> La Ant\u00e1rtida, en cambio, proh\u00edbe la explotaci\u00f3n. La Luna necesita su propio modelo, y ojal\u00e1 tome lo mejor de ambos.<\/p>\n\n\n\n<p><strong><em>&nbsp;<\/em><\/strong><strong><em>\u00bfPodr\u00edan surgir conflictos legales entre empresas por zonas de explotaci\u00f3n?<\/em><\/strong><\/p>\n\n\n\n<p>Es inevitable. Cuando dos robots mineros de dos empresas distintas se encuentren en el mismo cr\u00e1ter con hielo de agua, <strong>no habr\u00e1 juez ni \u00e1rbitro al que acudir.<\/strong> Ese momento ya se est\u00e1 gestando. En el espacio ultraterrestre no tenemos peritos ni testigos, al menos por ahora.<\/p>\n\n\n\n<h2 class=\"wp-block-heading has-text-color has-link-color wp-elements-6d7ba824b5c687215ab2d5c5205c6785\" style=\"color:#8d2231\"><strong>EMPRESAS PRIVADAS Y NUEVO ECOSISTEMA ESPACIAL<\/strong><\/h2>\n\n\n\n<p><strong><em>&nbsp;<\/em><\/strong><strong><em>\u00bfC\u00f3mo encajan SpaceX o Blue Origin en el derecho espacial actual?<\/em><\/strong><\/p>\n\n\n\n<p>Con calzador, dificultosamente. El tratado de 1967 ni siquiera imaginaba actores privados con cohetes propios. Y mucho menos que las agencias gubernamentales necesitaran o contaran con empresas privadas para misiones espaciales ultrapeligrosas o muy caras. <strong>Las empresas operan bajo el paraguas de sus Estados,<\/strong> que son los responsables \u00faltimos. SpaceX es, jur\u00eddicamente, una extensi\u00f3n de Washington.<\/p>\n\n\n\n<p><strong><em>&nbsp;<\/em><\/strong><strong><em>\u00bfEstamos ante una privatizaci\u00f3n progresiva del espacio?<\/em><\/strong><\/p>\n\n\n\n<p>Absoluta y aceleradamente. <strong>El espacio ya no es territorio de astronautas-funcionarios.<\/strong> Es un mercado. La pregunta no es si el sector privado llegar\u00e1 a la Luna, sino bajo qu\u00e9 reglas lo har\u00e1 y en qu\u00e9 condiciones de comerciar\u00e1 lo que llegue de la Luna. Esto ya ocurri\u00f3 tras el descubrimiento de Am\u00e9rica por Espa\u00f1a, pero tambi\u00e9n en la colonizaci\u00f3n europea de \u00c1frica en su momento principal a finales del siglo XIX por Reino Unido, Francia, Alemania, Portugal, B\u00e9lgica e Italia.<\/p>\n\n\n\n<p><strong><em>&nbsp;<\/em><\/strong><strong><em>\u00bfQu\u00e9 responsabilidad legal tienen los Estados sobre sus empresas?<\/em><\/strong><\/p>\n\n\n\n<p>Total, seg\u00fan el Convenio de Responsabilidad de 1972. <strong>Si SpaceX destruye una instalaci\u00f3n rusa, paga EE.UU.<\/strong> Es un incentivo poderoso para que los gobiernos regulen a sus propias empresas. Aunque no siempre lo hacen.<\/p>\n\n\n\n<p><strong><em>&nbsp;<\/em><\/strong><strong><em>\u00bfSe necesita nueva regulaci\u00f3n internacional para el sector privado?<\/em><\/strong><\/p>\n\n\n\n<p>S\u00ed, con urgencia. La fragmentaci\u00f3n geopol\u00edtica y la polarizaci\u00f3n de fuerzas nacionales no propicia el clima de consenso internacional que vio alumbrar los tratados de los a\u00f1os 60 y 70 del Siglo XX. El modelo actual de &#8220;cada Estado regula a los suyos&#8221; <strong>crea una carrera hacia el pa\u00eds con menos restricciones.<\/strong> El equivalente espacial de los para\u00edsos fiscales ya existe.<\/p>\n\n\n\n<h2 class=\"wp-block-heading has-text-color has-link-color wp-elements-e1ad998417947261041f368a27415568\" style=\"color:#8d2231\"><strong>RESPONSABILIDAD, SEGURIDAD Y CONFLICTOS<\/strong><\/h2>\n\n\n\n<p><strong><em>&nbsp;<\/em><\/strong><strong><em>En caso de accidente en la Luna, \u00bfqu\u00e9 jurisdicci\u00f3n aplica?<\/em><\/strong><\/p>\n\n\n\n<p>La de la nave o instalaci\u00f3n involucrada. Un astronauta estadounidense en suelo lunar sigue bajo jurisdicci\u00f3n de EE.UU. Pero si el accidente involucra a varios pa\u00edses, <strong>el caos jur\u00eddico est\u00e1 garantizado.<\/strong> No hay tribunal lunar. Habr\u00eda que estar al posible acuerdo de las partes o a la continuidad del conflicto.<\/p>\n\n\n\n<p><strong><em>&nbsp;<\/em><\/strong><strong><em>\u00bfC\u00f3mo se gestionan los da\u00f1os entre misiones?<\/em><\/strong><\/p>\n\n\n\n<p>El Convenio de 1972 establece responsabilidad objetiva para da\u00f1os causados en el segmento aeron\u00e1utico: si tu objeto da\u00f1a al de otro, <strong>pagas sin necesidad de probar culpa.<\/strong> Funciona en teor\u00eda. En pr\u00e1ctica, depende de que los implicados quieran cooperar, pues en el segmento espacial la regla requiere probar la culpabilidad del causante. Es m\u00e1s dif\u00edcil en el espacio que en la Tierra, pues no es previsible que haya testigos oculares ni peritos acreditados en el momento del da\u00f1o.<\/p>\n\n\n\n<p><strong><em>&nbsp;<\/em><\/strong><strong><em>\u00bfExisten protocolos para conflictos entre astronautas de distintas nacionalidades?<\/em><\/strong><\/p>\n\n\n\n<p>Hay acuerdos en la Estaci\u00f3n Espacial Internacional, pero <strong>nada espec\u00edfico para la superficie lunar.<\/strong> Se podr\u00eda aplicar la analog\u00eda. Si dos astronautas de pa\u00edses distintos tienen una disputa grave en el polo sur, no hay manual de procedimiento.<\/p>\n\n\n\n<p><strong><em>&nbsp;<\/em><\/strong><strong><em>\u00bfQu\u00e9 marco legal regula la evacuaci\u00f3n o rescate lunar?<\/em><\/strong><\/p>\n\n\n\n<p>El Acuerdo de Salvamento de 1968 obliga al rescate de astronautas en apuros. <strong>Un principio noble con tecnolog\u00eda de 1968.<\/strong> Aplicarlo a una base lunar permanente requerir\u00eda una reescritura completa.<\/p>\n\n\n\n<h2 class=\"wp-block-heading has-text-color has-link-color wp-elements-697586f03d8b8b09a7415ad1023c3a51\" style=\"color:#8d2231\"><strong>\u00c9TICA Y SOSTENIBILIDAD ESPACIAL<\/strong><\/h2>\n\n\n\n<p><strong><em>&nbsp;<\/em><\/strong><strong><em>\u00bfDeber\u00eda regularse el impacto ambiental en la Luna?<\/em><\/strong><\/p>\n\n\n\n<p>S\u00ed, y ya hay quienes lo piden. <strong>La Luna no tiene atm\u00f3sfera que absorba da\u00f1os,<\/strong> pero s\u00ed tiene un entorno que podemos contaminar permanentemente con basura tecnol\u00f3gica, emisiones de cohetes y alteraciones del regolito. Evitemos en la Luna lo que ya sufrimos en la Tierra.<\/p>\n\n\n\n<p><strong><em>&nbsp;<\/em><\/strong><strong><em>\u00bfExiste el concepto de &#8220;protecci\u00f3n del patrimonio lunar&#8221;?<\/em><\/strong><\/p>\n\n\n\n<p>Embrionariamente. La NASA tiene directrices para proteger los sitios Apolo, pero <strong>no son normas vinculantes para otros pa\u00edses ni empresas.<\/strong> Nada impide legalmente que alguien aterrice sobre las huellas de Armstrong. Y tampoco aplica protecci\u00f3n de un patrimonio hist\u00f3rico de algo de lo que nadie podr\u00eda apropiarse.<\/p>\n\n\n\n<p><strong><em>&nbsp;<\/em><\/strong><strong><em>\u00bfQu\u00e9 l\u00edmites \u00e9ticos deber\u00edan establecerse antes de la explotaci\u00f3n masiva?<\/em><\/strong><\/p>\n\n\n\n<p>Al menos tres: qui\u00e9n decide, qui\u00e9n se beneficia y qui\u00e9n asume los da\u00f1os. <strong>Si esas tres preguntas no tienen respuesta global consensuada,<\/strong> estaremos reproduciendo quiz\u00e1 el modelo extractivo colonial, solo que en otro astro.<\/p>\n\n\n\n<p><strong><em>&nbsp;<\/em><\/strong><strong><em>\u00bfPodemos repetir en la Luna los errores cometidos en la Tierra?<\/em><\/strong><\/p>\n\n\n\n<p>Podemos. La pregunta m\u00e1s honesta es si tenemos la voluntad de no hacerlo. <strong>Tenemos el conocimiento hist\u00f3rico para evitarlo.<\/strong> Lo que hist\u00f3ricamente ha faltado es la voluntad pol\u00edtica de usarlo.<\/p>\n\n\n\n<div class=\"wp-block-media-text alignwide has-media-on-the-right is-stacked-on-mobile is-vertically-aligned-center\" style=\"grid-template-columns:auto 44%\"><div class=\"wp-block-media-text__content\">\n<p class=\"has-medium-font-size\"><br><strong>Efr\u00e9n D\u00edaz&nbsp;D\u00edaz<\/strong><\/p>\n\n\n\n<p>Abogado, Doctor en Derecho por la Universidad de Navarra. Responsable de las\u00a0<a href=\"https:\/\/mascalvet.com\/areas-de-practica\/\" target=\"_blank\" rel=\"noreferrer noopener\">\u00c1reas de Tecnolog\u00eda<\/a>\u00a0y\u00a0<a href=\"https:\/\/mascalvet.com\/areas-de-practica\/\" target=\"_blank\" rel=\"noreferrer noopener\">Derecho Espacial<\/a> del\u00a0<a href=\"https:\/\/www.linkedin.com\/company\/2969976\/admin\/dashboard\/\" target=\"_blank\" rel=\"noopener\" title=\"\">Bufete Mas y Calvet<\/a>. Delegado de Protecci\u00f3n de Datos.\u00a0<\/p>\n\n\n\n<p>Especialista en Derecho Administrativo, Tecnol\u00f3gico y Geoespacial. M\u00e1ster Internacional Universitario en&nbsp;<em>Protecci\u00f3n de Datos, Transparencia y Acceso a la Informaci\u00f3n<\/em>&nbsp;(Universidad San Pablo CEU).<\/p>\n\n\n\n<p>Profesor en Programas M\u00e1ster de la Universidad de Navarra.\u00a0Professor\u00a0of\u00a0Law\u00a0en el\u00a0<a href=\"http:\/\/mslformacion.es\/courses\/programa-superior-de-analitica-digital\/\" target=\"_blank\" rel=\"noreferrer noopener\">Programa Superior de Anal\u00edtica Digital<\/a>, IDMS\u00a0School\u00a0by\u00a0MSL.<\/p>\n\n\n\n<p>Miembro del Grupo de Trabajo de la&nbsp;<a href=\"https:\/\/www.idee.es\/es\" target=\"_blank\" rel=\"noreferrer noopener\">Infraestructura de Datos Espaciales de Espa\u00f1a (IDEE)<\/a>.&nbsp;&nbsp;<\/p>\n\n\n\n<p>Secretario General de la&nbsp;<a href=\"http:\/\/aedae.blogspot.es\/\" target=\"_blank\" rel=\"noreferrer noopener\">Asociaci\u00f3n Espa\u00f1ola de Derecho Aeron\u00e1utico y Espacial<\/a>.<\/p>\n\n\n\n<p>Codirector del&nbsp;<a href=\"https:\/\/www.comillas.edu\/postgrado\/especialista-en-derecho-aeronautico-y-aeroespacial\" target=\"_blank\" rel=\"noreferrer noopener\">Curso de Postgrado Especialista en Derecho Aeron\u00e1utico y Espacial<\/a>.&nbsp;<a href=\"https:\/\/www.comillas.edu\/\" target=\"_blank\" rel=\"noreferrer noopener\">Universidad Pontifica de Comillas<\/a>.&nbsp;<a href=\"https:\/\/www.comillas.edu\/derecho-icade\" target=\"_blank\" rel=\"noreferrer noopener\">Facultad de Derecho<\/a>.<\/p>\n<\/div><figure class=\"wp-block-media-text__media\"><img loading=\"lazy\" decoding=\"async\" width=\"673\" height=\"845\" src=\"https:\/\/mascalvet.com\/wp-content\/uploads\/2024\/11\/Efren-Diaz.jpeg\" alt=\"\" class=\"wp-image-8523 size-full\" srcset=\"https:\/\/mascalvet.com\/wp-content\/uploads\/2024\/11\/Efren-Diaz.jpeg 673w, https:\/\/mascalvet.com\/wp-content\/uploads\/2024\/11\/Efren-Diaz-239x300.jpeg 239w, https:\/\/mascalvet.com\/wp-content\/uploads\/2024\/11\/Efren-Diaz-60x75.jpeg 60w, https:\/\/mascalvet.com\/wp-content\/uploads\/2024\/11\/Efren-Diaz-480x603.jpeg 480w\" sizes=\"auto, (max-width:767px) 480px, 673px\" \/><\/figure><\/div>\n\n\n\n<h2 class=\"wp-block-heading has-text-color has-link-color wp-elements-7de467ef81172789b08e1f12ecc6dc2a\" style=\"color:#8d2231\"><strong>FUTURO DEL DERECHO ESPACIAL<\/strong><\/h2>\n\n\n\n<p><strong><em>&nbsp;<\/em><\/strong><strong><em>\u00bfEstamos en un punto de inflexi\u00f3n que exige un nuevo tratado?<\/em><\/strong><\/p>\n\n\n\n<p>S\u00ed, pero un nuevo tratado hoy ser\u00eda casi imposible de negociar. <strong>Las potencias tienen intereses demasiado divergentes.<\/strong> El camino m\u00e1s realista son acuerdos sectoriales: uno para miner\u00eda, otro para tr\u00e1fico, otro para rescate.<\/p>\n\n\n\n<p><strong><em>&nbsp;<\/em><\/strong><strong><em>\u00bfQui\u00e9n deber\u00eda liderar la gobernanza lunar?<\/em><\/strong><\/p>\n\n\n\n<p>La ONU tiene la legitimidad pero no la agilidad. Los Artemis Accords tienen agilidad pero no la universalidad. <strong>Lo ideal ser\u00eda una agencia t\u00e9cnica especializada<\/strong> bajo paraguas de la ONU, con representaci\u00f3n real de todas las regiones.<\/p>\n\n\n\n<p><strong><em>&nbsp;<\/em><\/strong><strong><em>\u00bfC\u00f3mo imagina el derecho espacial dentro de 20-30 a\u00f1os?<\/em><\/strong><\/p>\n\n\n\n<p><strong>M\u00e1s fragmentado antes de ser m\u00e1s coherente.<\/strong> Habr\u00e1 legislaci\u00f3n nacional robusta, acuerdos bilaterales y quiz\u00e1s un marco multilateral parcial. El proceso se parecer\u00e1 m\u00e1s al derecho mar\u00edtimo del siglo XIX que a una revoluci\u00f3n jur\u00eddica. Habr\u00e1 que ver la evoluci\u00f3n de la tecnolog\u00eda, pero tambi\u00e9n el devenir de los conflictos geopol\u00edticos en la configuraci\u00f3n un nuevo orden internacional.<\/p>\n\n\n\n<div class=\"wp-block-media-text alignwide is-stacked-on-mobile\" style=\"grid-template-columns:44% auto\"><figure class=\"wp-block-media-text__media\"><img loading=\"lazy\" decoding=\"async\" width=\"593\" height=\"811\" src=\"https:\/\/mascalvet.com\/wp-content\/uploads\/2024\/09\/ElenaMarcosMasCalvet.png\" alt=\"\" class=\"wp-image-8350 size-full\" srcset=\"https:\/\/mascalvet.com\/wp-content\/uploads\/2024\/09\/ElenaMarcosMasCalvet.png 593w, https:\/\/mascalvet.com\/wp-content\/uploads\/2024\/09\/ElenaMarcosMasCalvet-219x300.png 219w, https:\/\/mascalvet.com\/wp-content\/uploads\/2024\/09\/ElenaMarcosMasCalvet-55x75.png 55w, https:\/\/mascalvet.com\/wp-content\/uploads\/2024\/09\/ElenaMarcosMasCalvet-480x656.png 480w\" sizes=\"auto, (max-width:767px) 480px, 593px\" \/><\/figure><div class=\"wp-block-media-text__content\">\n<div style=\"height:10px\" aria-hidden=\"true\" class=\"wp-block-spacer\"><\/div>\n\n\n\n<p class=\"has-medium-font-size\">Elena Marcos Bueno es Licenciada en Ciencias de la Informaci\u00f3n en la rama de Periodismo por la Universidad Complutense de Madrid.<\/p>\n\n\n\n<p>M\u00e1ster en Comunicaci\u00f3n Digital y Marketing por la Universidad Camilo Jos\u00e9 Cela.<\/p>\n\n\n\n<p>Premio Favikon Top 10 comunicaci\u00f3n  skill Linkedin<\/p>\n\n\n\n<p>Premio al Talento Digital 2021.<\/p>\n\n\n\n<p>LinkedIn top Voice Consultor\u00eda 2024 y Comunicaci\u00f3n 2023.<\/p>\n\n\n\n<p>Posee m\u00e1s de 20 a\u00f1os de experiencia en consultor\u00eda en el \u00e1rea de tecnolog\u00eda y desde 2023 es Directora de Comunicaci\u00f3n en el Bufete Mas y Calvet.<\/p>\n\n\n\n<p>Miembro de la Junta Directiva de PETEC y vocal de comunicaci\u00f3n. Experta en Cultura organizacional, estrategia y comunicaci\u00f3n corporativa y digital.<\/p>\n<\/div><\/div>\n\n\n\n<p><strong><em>&nbsp;<\/em><\/strong><strong><em>\u00bfPodr\u00eda surgir un &#8220;derecho lunar&#8221; aut\u00f3nomo?<\/em><\/strong><\/p>\n\n\n\n<p>Si hay bases permanentes con poblaci\u00f3n estable, s\u00ed. <strong>El derecho siempre sigue a la gente.<\/strong> Y el buen derecho sigue a la vida. Donde hay comunidades, surgen normas. La Luna tendr\u00e1 su propio ordenamiento el d\u00eda que alguien nazca en ella y haya que decidir qu\u00e9 pasaporte llevar. Y donde hay recursos e intereses estrat\u00e9gicos la presencia de la fuerza para la defensa se har\u00e1 presente antes de que la ley de la fuerza ondee innecesaria o inesperadamente.<\/p>\n\n\n\n<p><em>La humanidad est\u00e1 a las puertas de un nuevo territorio sin haber resuelto a\u00fan c\u00f3mo gobernarlo: Artemis II nos acerca a la Luna y a la urgencia de definir el derecho espacial que deber\u00e1 regir conforme a los nuevos tiempos.<\/em><\/p>\n\n\n\n<div style=\"height:25px\" aria-hidden=\"true\" class=\"wp-block-spacer\"><\/div>\n\n\n\n<hr class=\"wp-block-separator has-css-opacity\"\/>\n\n\n<ul class=\"wp-block-latest-posts__list wp-block-latest-posts\"><li><a class=\"wp-block-latest-posts__post-title\" href=\"https:\/\/mascalvet.com\/en\/arbitraje-orden-publico-y-recurso-de-amparo-la-actualidad-de-la-stc-146-2024\/\">Arbitraje, orden p\u00fablico y recurso de amparo: la actualidad de la STC 146\/2024<\/a><\/li>\n<li><a class=\"wp-block-latest-posts__post-title\" href=\"https:\/\/mascalvet.com\/en\/motivacion-del-laudo-arbitral-estandar-negocial-control-externo-y-limites-del-orden-publico\/\">Motivaci\u00f3n del laudo arbitral: est\u00e1ndar negocial, control externo y l\u00edmites del orden p\u00fablico<\/a><\/li>\n<li><a class=\"wp-block-latest-posts__post-title\" href=\"https:\/\/mascalvet.com\/en\/el-caso-lafarge-responsabilidad-penal-corporativa-por-financiacion-del-terrorismo-y-complicidad-en-crimenes-contra-la-humanidad\/\">El caso Lafarge: responsabilidad penal corporativa por financiaci\u00f3n del terrorismo y complicidad en cr\u00edmenes contra la humanidad<\/a><\/li>\n<li><a class=\"wp-block-latest-posts__post-title\" href=\"https:\/\/mascalvet.com\/en\/el-reglamento-europeo-del-espacio-eu-space-act\/\">El reglamento europeo del espacio (EU space act)<\/a><\/li>\n<li><a class=\"wp-block-latest-posts__post-title\" href=\"https:\/\/mascalvet.com\/en\/prejudicialidad-penal-en-el-arbitraje-prudencia-y-soluciones-practicas\/\">Prejudicialidad penal en el arbitraje: prudencia y soluciones pr\u00e1cticas<\/a><\/li>\n<\/ul>\n\n\n<hr class=\"wp-block-separator has-css-opacity\"\/>\n\n\n\n<div style=\"height:25px\" aria-hidden=\"true\" class=\"wp-block-spacer\"><\/div>\n","protected":false},"excerpt":{"rendered":"<p>La inminente misi\u00f3n Artemis II marca un hito hist\u00f3rico: el regreso de seres humanos a la \u00f3rbita lunar m\u00e1s de medio siglo despu\u00e9s de Apollo 17.<\/p>\n","protected":false},"author":6,"featured_media":9803,"comment_status":"closed","ping_status":"open","sticky":false,"template":"","format":"standard","meta":{"footnotes":""},"categories":[742],"tags":[],"class_list":["post-9801","post","type-post","status-publish","format-standard","has-post-thumbnail","hentry","category-derecho-espacial"],"aioseo_notices":[],"_links":{"self":[{"href":"https:\/\/mascalvet.com\/en\/wp-json\/wp\/v2\/posts\/9801","targetHints":{"allow":["GET"]}}],"collection":[{"href":"https:\/\/mascalvet.com\/en\/wp-json\/wp\/v2\/posts"}],"about":[{"href":"https:\/\/mascalvet.com\/en\/wp-json\/wp\/v2\/types\/post"}],"author":[{"embeddable":true,"href":"https:\/\/mascalvet.com\/en\/wp-json\/wp\/v2\/users\/6"}],"replies":[{"embeddable":true,"href":"https:\/\/mascalvet.com\/en\/wp-json\/wp\/v2\/comments?post=9801"}],"version-history":[{"count":5,"href":"https:\/\/mascalvet.com\/en\/wp-json\/wp\/v2\/posts\/9801\/revisions"}],"predecessor-version":[{"id":9827,"href":"https:\/\/mascalvet.com\/en\/wp-json\/wp\/v2\/posts\/9801\/revisions\/9827"}],"wp:featuredmedia":[{"embeddable":true,"href":"https:\/\/mascalvet.com\/en\/wp-json\/wp\/v2\/media\/9803"}],"wp:attachment":[{"href":"https:\/\/mascalvet.com\/en\/wp-json\/wp\/v2\/media?parent=9801"}],"wp:term":[{"taxonomy":"category","embeddable":true,"href":"https:\/\/mascalvet.com\/en\/wp-json\/wp\/v2\/categories?post=9801"},{"taxonomy":"post_tag","embeddable":true,"href":"https:\/\/mascalvet.com\/en\/wp-json\/wp\/v2\/tags?post=9801"}],"curies":[{"name":"wp","href":"https:\/\/api.w.org\/{rel}","templated":true}]}}