{"id":10166,"date":"2026-09-03T08:00:00","date_gmt":"2026-09-03T06:00:00","guid":{"rendered":"https:\/\/mascalvet.com\/?p=10166"},"modified":"2026-09-04T10:07:17","modified_gmt":"2026-09-04T08:07:17","slug":"la-extincion-indemnizada-del-contrato-de-trabajo-por-impago-o-retraso-continuado-en-el-abono-del-salario","status":"publish","type":"post","link":"https:\/\/mascalvet.com\/en\/la-extincion-indemnizada-del-contrato-de-trabajo-por-impago-o-retraso-continuado-en-el-abono-del-salario\/","title":{"rendered":"La extinci\u00f3n indemnizada del contrato de trabajo por impago o retraso continuado en el abono del salario"},"content":{"rendered":"\n<p>Por <strong><em><a href=\"https:\/\/es.linkedin.com\/in\/luis-jim%C3%A9nez-arellano\" target=\"_blank\" rel=\"noopener\" title=\"Luis Jim\u00e9nez-Arellano\">Luis Jim\u00e9nez-Arellano<\/a><\/em><\/strong><\/p>\n\n\n\n<div style=\"height:30px\" aria-hidden=\"true\" class=\"wp-block-spacer\"><\/div>\n\n\n\n<hr class=\"wp-block-separator has-text-color has-alpha-channel-opacity has-background\" style=\"background-color:#8d2231;color:#8d2231\"\/>\n\n\n\n<p class=\"has-background\" style=\"background-color:#eeeeee\">En este art\u00edculo <strong><em><a href=\"https:\/\/es.linkedin.com\/in\/luis-jim%C3%A9nez-arellano\" target=\"_blank\" rel=\"noopener\" title=\"Luis Jim\u00e9nez-Arellano\">Luis Jim\u00e9nez-Arellano<\/a><\/em><\/strong>, responsable del \u00e1rea laboral del\u00a0<strong><a href=\"https:\/\/es.linkedin.com\/company\/bufetemasycalvet\" target=\"_blank\" rel=\"noopener\" title=\"\">Bufete Mas y Calvet<\/a><\/strong>, explica como en el \u00e1mbito laboral espa\u00f1ol el art\u00edculo 50 del Estatuto de los Trabajadores (en adelante, ET) constituye la herramienta fundamental que el legislador pone a disposici\u00f3n del trabajador para resolver unilateralmente el contrato cuando el empresario incurre en incumplimientos graves. Se trata de un mecanismo equivalente, en cierta medida, al despido disciplinario (art\u00edculo 54 ET) pero de signo inverso: as\u00ed como el empresario puede extinguir el contrato por incumplimientos graves del trabajador, el art\u00edculo 50 ET permite al trabajador solicitar judicialmente la extinci\u00f3n del contrato por incumplimientos graves del empresario, con derecho a percibir la indemnizaci\u00f3n propia del despido improcedente.<\/p>\n\n\n\n<hr class=\"wp-block-separator has-text-color has-alpha-channel-opacity has-background\" style=\"background-color:#8d2231;color:#8d2231\"\/>\n\n\n\n<div style=\"height:20px\" aria-hidden=\"true\" class=\"wp-block-spacer\"><\/div>\n\n\n\n<p>Este art\u00edculo se centra en el an\u00e1lisis del apartado b) del art\u00edculo 50.1 ET, relativo a la falta de pago o los retrasos continuados en el abono del salario, que constituye la causa m\u00e1s frecuentemente invocada por los trabajadores para solicitar la extinci\u00f3n indemnizada de su contrato. Porque como prev\u00e9 el punto segundo del precitado art\u00edculo, en tales casos, el trabajador tendr\u00e1 derecho a las indemnizaciones se\u00f1aladas para el despido improcedente.<\/p>\n\n\n\n<h4 class=\"wp-block-heading\">Concretamente el texto legal dice:<\/h4>\n\n\n\n<p><em>\u00abLa falta de pago o retrasos continuados en el abono del salario pactado. Sin perjuicio de otros supuestos que por el juez, la jueza o el tribunal puedan considerarse causa justa a estos efectos, se entender\u00e1 que hay retraso cuando se supere en quince d\u00edas la fecha fijada para el abono del salario, concurriendo la causa cuando se adeuden al trabajador o la trabajadora, en el per\u00edodo de un a\u00f1o, tres mensualidades completas de salario, a\u00fan no consecutivas, o cuando concurra retraso en el pago del salario durante seis meses, a\u00fan no consecutivos.\u00bb<\/em><\/p>\n\n\n\n<h4 class=\"wp-block-heading\">El precepto contempla varias conductas empresariales que pueden dar lugar a la extinci\u00f3n:<\/h4>\n\n\n\n<div style=\"height:20px\" aria-hidden=\"true\" class=\"wp-block-spacer\"><\/div>\n\n\n\n<h2 class=\"wp-block-heading has-text-color has-link-color wp-elements-1011ded3c5a7ae010f8c0d6992bbad91\" style=\"color:#8d2231\"><strong>a) Falta de pago total del salario:<\/strong><\/h2>\n\n\n\n<p>El supuesto m\u00e1s claro y grave: el empresario deja de abonar \u00edntegramente el salario debido al trabajador. Puede tratarse de una o varias mensualidades completas. Seg\u00fan los nuevos par\u00e1metros legales, el adeudo de tres mensualidades completas en el per\u00edodo de un a\u00f1o, aun no consecutivas, habilita autom\u00e1ticamente la acci\u00f3n extintiva.<\/p>\n\n\n\n<div style=\"height:20px\" aria-hidden=\"true\" class=\"wp-block-spacer\"><\/div>\n\n\n\n<h2 class=\"wp-block-heading has-text-color has-link-color wp-elements-e9fa1a257f57bae078f05745e1b3e83d\" style=\"color:#8d2231\"><strong>b) Retrasos continuados en el abono del salario:<\/strong><\/h2>\n\n\n\n<p>No se exige que el salario quede definitivamente impagado, sino que basta con que su abono se produzca de forma sistem\u00e1ticamente retrasada. La reforma de 2025 concreta que se entiende que existe retraso cuando se supera en quince d\u00edas la fecha fijada para el pago, y que la causa concurre cuando dicho retraso se produce durante seis meses, aun no consecutivos.<\/p>\n\n\n\n<div style=\"height:20px\" aria-hidden=\"true\" class=\"wp-block-spacer\"><\/div>\n\n\n\n<h2 class=\"wp-block-heading has-text-color has-link-color wp-elements-a060e45f2eb086720bbaa8903cf6c020\" style=\"color:#8d2231\"><strong>c) Impago de complementos salariales y conceptos extrasalariales:<\/strong><\/h2>\n\n\n\n<p>El concepto de \u00absalario pactado\u00bb del art\u00edculo 50.1 b) ET abarca no solo el salario base, sino tambi\u00e9n los complementos salariales (antig\u00fcedad, nocturnidad, peligrosidad, etc.) y, seg\u00fan la doctrina m\u00e1s consolidada, las pagas extraordinarias. El impago reiterado de estos conceptos puede integrar la causa extintiva, siempre que se alcance el umbral de gravedad exigido. Respecto a los conceptos extrasalariales (dietas, gastos de transporte, etc.), su inclusi\u00f3n es m\u00e1s controvertida, aunque algunos tribunales han admitido su consideraci\u00f3n cuando su impago reviste especial gravedad.<\/p>\n\n\n\n<p>Por ello la recomendaci\u00f3n para el trabajador que no recibe su n\u00f3mina o el pago de esta es que haga una reclamaci\u00f3n por escrito al empresario. Mejor por correo electr\u00f3nico que por WhatsApp.<\/p>\n\n\n\n<p>Por lo tanto, el trabajador tiene una doble reclamaci\u00f3n contra la empresa: La de la acci\u00f3n extintiva y la reclamaci\u00f3n de cantidad de los meses que no ha cobrado. Incidir que a la reclamaci\u00f3n de los salarios se debe incrementar el 10% de conformidad a lo previsto en el art\u00edculo 29.3 ET.<\/p>\n\n\n\n<div class=\"wp-block-media-text alignwide is-stacked-on-mobile\" style=\"grid-template-columns:39% auto\"><figure class=\"wp-block-media-text__media\"><img loading=\"lazy\" decoding=\"async\" width=\"906\" height=\"1024\" src=\"https:\/\/mascalvet.com\/wp-content\/uploads\/2024\/07\/LuisJimenezArellano-906x1024.png\" alt=\"\" class=\"wp-image-8197 size-full\" srcset=\"https:\/\/mascalvet.com\/wp-content\/uploads\/2024\/07\/LuisJimenezArellano-906x1024.png 906w, https:\/\/mascalvet.com\/wp-content\/uploads\/2024\/07\/LuisJimenezArellano-265x300.png 265w, https:\/\/mascalvet.com\/wp-content\/uploads\/2024\/07\/LuisJimenezArellano-768x868.png 768w, https:\/\/mascalvet.com\/wp-content\/uploads\/2024\/07\/LuisJimenezArellano-610x690.png 610w, https:\/\/mascalvet.com\/wp-content\/uploads\/2024\/07\/LuisJimenezArellano-66x75.png 66w, https:\/\/mascalvet.com\/wp-content\/uploads\/2024\/07\/LuisJimenezArellano-480x543.png 480w, https:\/\/mascalvet.com\/wp-content\/uploads\/2024\/07\/LuisJimenezArellano.png 951w\" sizes=\"auto, (max-width:767px) 480px, (max-width:906px) 100vw, 906px\" \/><\/figure><div class=\"wp-block-media-text__content\">\n<div style=\"height:10px\" aria-hidden=\"true\" class=\"wp-block-spacer\"><\/div>\n\n\n\n<p><strong><em><a href=\"https:\/\/mascalvet.com\/miembro\/luis-jimenez-arellano-larrea\/\" target=\"_blank\" rel=\"noopener\" title=\"Luis Jim\u00e9nez-Arellano\">Luis Jim\u00e9nez-Arellano<\/a>,<\/em><\/strong>&nbsp;es abogado y actualmente lidera el \u00e1rea de&nbsp;<strong><a href=\"https:\/\/mascalvet.com\/areas-de-practica\/#laboral\" target=\"_blank\" rel=\"noopener\" title=\"\">Derecho Laboral<\/a><\/strong>&nbsp;del&nbsp;<strong><strong><a href=\"https:\/\/mascalvet.com\/\" target=\"_blank\" rel=\"noopener\" title=\"\">Bufete Mas y Calvet<\/a><\/strong>.&nbsp;<\/strong><\/p>\n\n\n\n<p>Colabora con varios medios de comunicaci\u00f3n en la redacci\u00f3n de&nbsp;<strong>art\u00edculos y reportajes de tem\u00e1tica laboral<\/strong>.<\/p>\n\n\n\n<p>Desde 2020 ha sido econocido en&nbsp;<strong>The Best Lawyers in Spain\u00ae<\/strong>, en la categor\u00eda&nbsp;<strong>Labor and Employment Law<\/strong><\/p>\n\n\n\n<p><a href=\"https:\/\/www.linkedin.com\/in\/luis-jim%C3%A9nez-arellano\/\">Perfil en Linked<\/a><a href=\"https:\/\/www.linkedin.com\/in\/luis-jim%C3%A9nez-arellano\/\" target=\"_blank\" rel=\"noopener\" title=\"\">I<\/a><a href=\"https:\/\/www.linkedin.com\/in\/luis-jim%C3%A9nez-arellano\/\">n<\/a><\/p>\n\n\n\n<p><a href=\"https:\/\/twitter.com\/LuisJ_Arellano\" target=\"_blank\" rel=\"noopener\" title=\"\">Cuenta de Twitter<\/a><\/p>\n\n\n\n<p><a href=\"https:\/\/www.youtube.com\/channel\/UCCykIuk7Bda0H-FliI0WXKQ\" target=\"_blank\" rel=\"noopener\" title=\"\">V\u00eddeos<\/a>&nbsp;y&nbsp;<a href=\"https:\/\/cincodias.elpais.com\/autor\/luis_jimenez_arellano_larrea\/a\/\" target=\"_blank\" rel=\"noopener\" title=\"\">tribunas de opini\u00f3n<\/a><\/p>\n<\/div><\/div>\n\n\n\n<h5 class=\"wp-block-heading\"><strong>Desde el punto de vista pr\u00e1ctico es recomendable que el trabajador que se encuentre en esta situaci\u00f3n adopte las siguientes cautelas:<\/strong><\/h5>\n\n\n\n<ul class=\"wp-block-list\">\n<li>Documentar los incumplimientos: conservar las n\u00f3minas, los extractos bancarios que acrediten las fechas reales de cobro (o la ausencia de cobro), las comunicaciones con la empresa y cualquier otra prueba del impago o retraso.<\/li>\n\n\n\n<li>Formular reclamaciones por escrito: primero por correo electr\u00f3nico y luego por burofax (con acuse de recibo y certificado de texto) requiriendo el pago de las cantidades adeudadas. Estas reclamaciones, adem\u00e1s de interrumpir la prescripci\u00f3n, acreditan la diligencia del trabajador.<\/li>\n\n\n\n<li>Presentar denuncia ante la Inspecci\u00f3n de Trabajo: la actuaci\u00f3n inspectora puede generar un acta de infracci\u00f3n que, adem\u00e1s de su valor sancionador, constituye un medio de prueba valioso en el posterior procedimiento judicial.<\/li>\n\n\n\n<li>Asesorarse jur\u00eddicamente antes de actuar: es fundamental que el trabajador consulte con un abogado laboralista antes de adoptar cualquier decisi\u00f3n, especialmente antes de abandonar el puesto de trabajo, para evitar actuaciones precipitadas que puedan perjudicar su posici\u00f3n procesal.<\/li>\n\n\n\n<li>No abandonar el puesto de trabajo sin resoluci\u00f3n judicial: el abandono prematuro puede tener consecuencias muy negativas para el trabajador, por lo que debe mantenerse la prestaci\u00f3n de servicios salvo que concurran circunstancias excepcionales debidamente acreditadas que el abogado deber\u00e1 valorar y asesorar.<\/li>\n<\/ul>\n\n\n\n<div style=\"height:20px\" aria-hidden=\"true\" class=\"wp-block-spacer\"><\/div>\n\n\n\n<hr class=\"wp-block-separator has-alpha-channel-opacity\"\/>\n\n\n<ul class=\"wp-block-latest-posts__list wp-block-latest-posts\"><li><a class=\"wp-block-latest-posts__post-title\" href=\"https:\/\/mascalvet.com\/en\/la-extincion-indemnizada-del-contrato-de-trabajo-por-impago-o-retraso-continuado-en-el-abono-del-salario\/\">La extinci\u00f3n indemnizada del contrato de trabajo por impago o retraso continuado en el abono del salario<\/a><\/li>\n<li><a class=\"wp-block-latest-posts__post-title\" href=\"https:\/\/mascalvet.com\/en\/arbitraje-orden-publico-y-recurso-de-amparo-la-actualidad-de-la-stc-146-2024\/\">Arbitraje, orden p\u00fablico y recurso de amparo: la actualidad de la STC 146\/2024<\/a><\/li>\n<li><a class=\"wp-block-latest-posts__post-title\" href=\"https:\/\/mascalvet.com\/en\/motivacion-del-laudo-arbitral-estandar-negocial-control-externo-y-limites-del-orden-publico\/\">Motivaci\u00f3n del laudo arbitral: est\u00e1ndar negocial, control externo y l\u00edmites del orden p\u00fablico<\/a><\/li>\n<li><a class=\"wp-block-latest-posts__post-title\" href=\"https:\/\/mascalvet.com\/en\/el-caso-lafarge-responsabilidad-penal-corporativa-por-financiacion-del-terrorismo-y-complicidad-en-crimenes-contra-la-humanidad\/\">El caso Lafarge: responsabilidad penal corporativa por financiaci\u00f3n del terrorismo y complicidad en cr\u00edmenes contra la humanidad<\/a><\/li>\n<li><a class=\"wp-block-latest-posts__post-title\" href=\"https:\/\/mascalvet.com\/en\/el-reglamento-europeo-del-espacio-eu-space-act\/\">El reglamento europeo del espacio (EU space act)<\/a><\/li>\n<\/ul>\n\n\n<hr class=\"wp-block-separator has-alpha-channel-opacity\"\/>\n\n\n\n<div style=\"height:20px\" aria-hidden=\"true\" class=\"wp-block-spacer\"><\/div>\n","protected":false},"excerpt":{"rendered":"<p><span class=\"excerpt-hellip\"> [\u2026]<\/span><\/p>\n","protected":false},"author":6,"featured_media":10168,"comment_status":"closed","ping_status":"open","sticky":false,"template":"","format":"standard","meta":{"footnotes":""},"categories":[16],"tags":[],"class_list":["post-10166","post","type-post","status-publish","format-standard","has-post-thumbnail","hentry","category-derecho-laboral"],"aioseo_notices":[],"_links":{"self":[{"href":"https:\/\/mascalvet.com\/en\/wp-json\/wp\/v2\/posts\/10166","targetHints":{"allow":["GET"]}}],"collection":[{"href":"https:\/\/mascalvet.com\/en\/wp-json\/wp\/v2\/posts"}],"about":[{"href":"https:\/\/mascalvet.com\/en\/wp-json\/wp\/v2\/types\/post"}],"author":[{"embeddable":true,"href":"https:\/\/mascalvet.com\/en\/wp-json\/wp\/v2\/users\/6"}],"replies":[{"embeddable":true,"href":"https:\/\/mascalvet.com\/en\/wp-json\/wp\/v2\/comments?post=10166"}],"version-history":[{"count":3,"href":"https:\/\/mascalvet.com\/en\/wp-json\/wp\/v2\/posts\/10166\/revisions"}],"predecessor-version":[{"id":10173,"href":"https:\/\/mascalvet.com\/en\/wp-json\/wp\/v2\/posts\/10166\/revisions\/10173"}],"wp:featuredmedia":[{"embeddable":true,"href":"https:\/\/mascalvet.com\/en\/wp-json\/wp\/v2\/media\/10168"}],"wp:attachment":[{"href":"https:\/\/mascalvet.com\/en\/wp-json\/wp\/v2\/media?parent=10166"}],"wp:term":[{"taxonomy":"category","embeddable":true,"href":"https:\/\/mascalvet.com\/en\/wp-json\/wp\/v2\/categories?post=10166"},{"taxonomy":"post_tag","embeddable":true,"href":"https:\/\/mascalvet.com\/en\/wp-json\/wp\/v2\/tags?post=10166"}],"curies":[{"name":"wp","href":"https:\/\/api.w.org\/{rel}","templated":true}]}}